{"id":428,"date":"2020-04-12T01:06:50","date_gmt":"2020-04-12T01:06:50","guid":{"rendered":"http:\/\/www.frsj.pt\/site\/?p=428"},"modified":"2025-07-07T13:07:11","modified_gmt":"2025-07-07T13:07:11","slug":"covid-19-aplicacao-de-apoio-ao-cidadao","status":"publish","type":"post","link":"http:\/\/www.frsj.pt\/site\/?p=428","title":{"rendered":"[Covid 19] Aplica\u00e7\u00e3o de apoio ao Cidad\u00e3o"},"content":{"rendered":"<p><a href=\"http:\/\/www.frsj.pt\/site\/wp-content\/uploads\/2020\/04\/covid.jpg\" data-rel=\"lightbox-image-0\" data-rl_title=\"\" data-rl_caption=\"\" title=\"\"><img decoding=\"async\" class=\"alignleft size-medium wp-image-429\" src=\"http:\/\/www.frsj.pt\/site\/wp-content\/uploads\/2020\/04\/covid-300x157.jpg\" alt=\"covid\" width=\"300\" height=\"157\" srcset=\"http:\/\/www.frsj.pt\/site\/wp-content\/uploads\/2020\/04\/covid-300x157.jpg 300w, http:\/\/www.frsj.pt\/site\/wp-content\/uploads\/2020\/04\/covid-1024x536.jpg 1024w, http:\/\/www.frsj.pt\/site\/wp-content\/uploads\/2020\/04\/covid.jpg 1200w\" sizes=\"(max-width: 300px) 100vw, 300px\" \/><\/a>A Uni\u00e3o de Freguesias de Reguengo e S\u00e3o Juli\u00e3o, informa os seus fregueses que t\u00eam ao seu dispor uma aplica\u00e7\u00e3o online que lhes dar\u00e1 v\u00e1rias informa\u00e7\u00f5es relativas ao COVID19, bem como permitir\u00e1 receber pedidos de apoio de carenciados, referenciar pessoas em dificuldades e listar volunt\u00e1rios na freguesia.<\/p>\n<p>\u00c9 nosso intuito chegar mais pr\u00f3ximo de todos, atrav\u00e9s dos diversos meios \u00e1 disposi\u00e7\u00e3o. Neste caso, passaremos a ter al\u00e9m do apoio presencial, apoio telef\u00f3nico, o apoio online.<\/p>\n<p>Convidamos todos os interessados a aceder no menu da p\u00e1gina principal ou seguir o link aqui apresentado.<\/p>\n<p><a href=\"https:\/\/frsj.outsystemscloud.com\/Institucional\/\" target=\"_blank\" rel=\"noopener\">https:\/\/frsj.outsystemscloud.com\/Institucional\/<\/a><\/p>\n<p>Para quest\u00f5es ou sugest\u00f5es estaremos ao dispor.<\/p>\n<p>O Presidente.<\/p>\n<p>Bruno Calha<\/p>\n","protected":false},"excerpt":{"rendered":"<p>A Uni\u00e3o de Freguesias de Reguengo e S\u00e3o Juli\u00e3o, informa os seus fregueses que t\u00eam ao seu dispor uma aplica\u00e7\u00e3o online que lhes dar\u00e1 v\u00e1rias informa\u00e7\u00f5es relativas ao COVID19, bem como permitir\u00e1 receber pedidos de apoio de carenciados, referenciar pessoas em dificuldades e listar volunt\u00e1rios na freguesia. \u00c9 nosso intuito chegar mais pr\u00f3ximo de todos, atrav\u00e9s dos diversos meios \u00e1 disposi\u00e7\u00e3o. Neste caso, passaremos a ter al\u00e9m do apoio presencial, apoio telef\u00f3nico, o apoio online. Convidamos todos os interessados a aceder no menu da p\u00e1gina principal ou seguir o link aqui apresentado. https:\/\/frsj.outsystemscloud.com\/Institucional\/ Para quest\u00f5es ou sugest\u00f5es estaremos ao dispor. O Presidente. Bruno Calha<\/p>\n","protected":false},"author":1,"featured_media":429,"comment_status":"closed","ping_status":"open","sticky":false,"template":"","format":"standard","meta":{"footnotes":""},"categories":[5,3,1],"tags":[],"class_list":["post-428","post","type-post","status-publish","format-standard","has-post-thumbnail","hentry","category-comunicados","category-editais","category-uncategorized"],"_links":{"self":[{"href":"http:\/\/www.frsj.pt\/site\/index.php?rest_route=\/wp\/v2\/posts\/428"}],"collection":[{"href":"http:\/\/www.frsj.pt\/site\/index.php?rest_route=\/wp\/v2\/posts"}],"about":[{"href":"http:\/\/www.frsj.pt\/site\/index.php?rest_route=\/wp\/v2\/types\/post"}],"author":[{"embeddable":true,"href":"http:\/\/www.frsj.pt\/site\/index.php?rest_route=\/wp\/v2\/users\/1"}],"replies":[{"embeddable":true,"href":"http:\/\/www.frsj.pt\/site\/index.php?rest_route=%2Fwp%2Fv2%2Fcomments&post=428"}],"version-history":[{"count":3,"href":"http:\/\/www.frsj.pt\/site\/index.php?rest_route=\/wp\/v2\/posts\/428\/revisions"}],"predecessor-version":[{"id":2663,"href":"http:\/\/www.frsj.pt\/site\/index.php?rest_route=\/wp\/v2\/posts\/428\/revisions\/2663"}],"wp:featuredmedia":[{"embeddable":true,"href":"http:\/\/www.frsj.pt\/site\/index.php?rest_route=\/wp\/v2\/media\/429"}],"wp:attachment":[{"href":"http:\/\/www.frsj.pt\/site\/index.php?rest_route=%2Fwp%2Fv2%2Fmedia&parent=428"}],"wp:term":[{"taxonomy":"category","embeddable":true,"href":"http:\/\/www.frsj.pt\/site\/index.php?rest_route=%2Fwp%2Fv2%2Fcategories&post=428"},{"taxonomy":"post_tag","embeddable":true,"href":"http:\/\/www.frsj.pt\/site\/index.php?rest_route=%2Fwp%2Fv2%2Ftags&post=428"}],"curies":[{"name":"wp","href":"https:\/\/api.w.org\/{rel}","templated":true}]}}